
{"id":311,"date":"2020-01-27T06:30:00","date_gmt":"2020-01-27T05:30:00","guid":{"rendered":"https:\/\/iqonic.design\/wp-themes\/consultab\/?p=311"},"modified":"2020-02-03T18:58:29","modified_gmt":"2020-02-03T17:58:29","slug":"les-embauches-en-emplois-francs-2","status":"publish","type":"post","link":"https:\/\/sbconsulting-rh.fr\/index.php\/2020\/01\/27\/les-embauches-en-emplois-francs-2\/","title":{"rendered":"Les embauches en Emplois \u00ab Francs \u00bb"},"content":{"rendered":"<ol>\n<li><strong> Vous r\u00e9sidez dans un quartier prioritaire de la politique de la ville (QPV) du territoire national.<\/strong><\/li>\n<\/ol>\n<p>A titre exp\u00e9rimentale, des dispositions d\u00e9rogatoires sur le territoire de La R\u00e9union pour l\u2019embauche des r\u00e9sidents issus d\u2019un parcours d\u2019insertion sont pr\u00e9vues pour une dur\u00e9e de trois ans. Pour plus d\u2019informations, vous pouvez contacter votre conseiller.<\/p>\n<ol start=\"2\">\n<li><strong> Vous \u00eates inscrit comme demandeur d\u2019emploi en cat\u00e9gorie 1, 2, 3, 6, 7 ou 8,&nbsp;ou adh\u00e9rent \u00e0 un contrat de s\u00e9curisation professionnelle (CSP),&nbsp;ou jeune suivi par une mission locale non-inscrit en tant que demandeur d&#8217;emploi,&nbsp;<\/strong>quels que soient la dur\u00e9e d\u2019inscription, votre \u00e2ge, votre niveau de dipl\u00f4me. Votre conseiller P\u00f4le emploi oi la mission locale vous d\u00e9livrera une attestation \u00e0 remettre au recruteur au moment de l\u2019embauche.<\/li>\n<li><strong>Vous \u00eates embauch\u00e9 en CDI ou en CDD de plus de 6 mois<\/strong>entre le 1<sup>er&nbsp;<\/sup>janvier 2020 et le 31 d\u00e9cembre 2020, quel que soit votre temps de travail (temps partiel, temps plein) ou votre r\u00e9mun\u00e9ration au moment de l\u2019embauche :<\/li>\n<\/ol>\n<p>Pour l\u2019entreprise, le montant de l\u2019aide s\u2019\u00e9l\u00e8ve, pour un temps plein, \u00e0 :<\/p>\n<ul>\n<li>5 000 euros par an sur 3 ans pour une embauche en CDI ;<\/li>\n<li>2 500 euros par an sur 2 ans maximum pour une embauche en CDD d\u2019au moins 6 mois.<\/li>\n<\/ul>\n<p>Ces montants sont proratis\u00e9s en fonction du temps de travail (temps partiel) et de la dur\u00e9e du contrat.<\/p>\n","protected":false},"excerpt":{"rendered":"<p>Vous r\u00e9sidez dans un quartier prioritaire de la politique de la ville (QPV) du territoire national. A titre exp\u00e9rimentale, des dispositions d\u00e9rogatoires sur le territoire de La R\u00e9union pour l\u2019embauche des r\u00e9sidents issus d\u2019un parcours d\u2019insertion sont pr\u00e9vues pour une dur\u00e9e de trois ans. Pour plus d\u2019informations, vous pouvez contacter votre conseiller. Vous \u00eates inscrit [&hellip;]<\/p>\n","protected":false},"author":4,"featured_media":4401,"comment_status":"open","ping_status":"open","sticky":false,"template":"","format":"standard","meta":{"spay_email":""},"categories":[2],"tags":[11],"jetpack_featured_media_url":"https:\/\/sbconsulting-rh.fr\/wp-content\/uploads\/2020\/01\/post_blog.jpg","_links":{"self":[{"href":"https:\/\/sbconsulting-rh.fr\/index.php\/wp-json\/wp\/v2\/posts\/311"}],"collection":[{"href":"https:\/\/sbconsulting-rh.fr\/index.php\/wp-json\/wp\/v2\/posts"}],"about":[{"href":"https:\/\/sbconsulting-rh.fr\/index.php\/wp-json\/wp\/v2\/types\/post"}],"author":[{"embeddable":true,"href":"https:\/\/sbconsulting-rh.fr\/index.php\/wp-json\/wp\/v2\/users\/4"}],"replies":[{"embeddable":true,"href":"https:\/\/sbconsulting-rh.fr\/index.php\/wp-json\/wp\/v2\/comments?post=311"}],"version-history":[{"count":4,"href":"https:\/\/sbconsulting-rh.fr\/index.php\/wp-json\/wp\/v2\/posts\/311\/revisions"}],"predecessor-version":[{"id":4231,"href":"https:\/\/sbconsulting-rh.fr\/index.php\/wp-json\/wp\/v2\/posts\/311\/revisions\/4231"}],"wp:featuredmedia":[{"embeddable":true,"href":"https:\/\/sbconsulting-rh.fr\/index.php\/wp-json\/wp\/v2\/media\/4401"}],"wp:attachment":[{"href":"https:\/\/sbconsulting-rh.fr\/index.php\/wp-json\/wp\/v2\/media?parent=311"}],"wp:term":[{"taxonomy":"category","embeddable":true,"href":"https:\/\/sbconsulting-rh.fr\/index.php\/wp-json\/wp\/v2\/categories?post=311"},{"taxonomy":"post_tag","embeddable":true,"href":"https:\/\/sbconsulting-rh.fr\/index.php\/wp-json\/wp\/v2\/tags?post=311"}],"curies":[{"name":"wp","href":"https:\/\/api.w.org\/{rel}","templated":true}]}}